{"@context":"https:\/\/schema.org\/","@type":"CollectionPage","@id":"https:\/\/www.klvn.cz\/zahrada-a-dum\/#CollectionPage","headline":"Zahrada a d\u016fm Category","description":"","url":"https:\/\/www.klvn.cz\/zahrada-a-dum\/","hasPart":[{"@type":"Article","@id":"https:\/\/www.klvn.cz\/sejdeme-se-v-novem-byte\/","headline":"Sejdeme se v nov\u00e9m byt\u011b","url":"https:\/\/www.klvn.cz\/sejdeme-se-v-novem-byte\/","datePublished":"2025-05-14","dateModified":"2025-05-14","mainEntityOfPage":"https:\/\/www.klvn.cz\/sejdeme-se-v-novem-byte\/","author":{"@type":"Person","@id":"https:\/\/www.klvn.cz\/author\/#Person","name":"","url":"https:\/\/www.klvn.cz\/author\/","identifier":1,"image":{"@type":"ImageObject","@id":"https:\/\/secure.gravatar.com\/avatar\/6eaf701939e92690bed32d6f2e2c0f9e1355f2e3837c1fb45fbfacf848239e2d?s=96&d=mm&r=g","url":"https:\/\/secure.gravatar.com\/avatar\/6eaf701939e92690bed32d6f2e2c0f9e1355f2e3837c1fb45fbfacf848239e2d?s=96&d=mm&r=g","height":96,"width":96}},"publisher":{"@type":"Organization","name":"klvn.cz","logo":{"@type":"ImageObject","@id":"\/logo.png","url":"\/logo.png","width":600,"height":60}},"image":{"@type":"ImageObject","@id":"https:\/\/www.klvn.cz\/wp-content\/uploads\/kitchen-2094722_640.jpg","url":"https:\/\/www.klvn.cz\/wp-content\/uploads\/kitchen-2094722_640.jpg","height":0,"width":0},"keywords":null},{"@type":"Article","@id":"https:\/\/www.klvn.cz\/bungalov-pro-idealni-bydleni\/","headline":"Bungalov pro ide\u00e1ln\u00ed bydlen\u00ed","url":"https:\/\/www.klvn.cz\/bungalov-pro-idealni-bydleni\/","datePublished":"2025-05-08","dateModified":"2025-05-08","mainEntityOfPage":"https:\/\/www.klvn.cz\/bungalov-pro-idealni-bydleni\/","author":{"@type":"Person","@id":"https:\/\/www.klvn.cz\/author\/#Person","name":"","url":"https:\/\/www.klvn.cz\/author\/","identifier":1,"image":{"@type":"ImageObject","@id":"https:\/\/secure.gravatar.com\/avatar\/6eaf701939e92690bed32d6f2e2c0f9e1355f2e3837c1fb45fbfacf848239e2d?s=96&d=mm&r=g","url":"https:\/\/secure.gravatar.com\/avatar\/6eaf701939e92690bed32d6f2e2c0f9e1355f2e3837c1fb45fbfacf848239e2d?s=96&d=mm&r=g","height":96,"width":96}},"publisher":{"@type":"Organization","name":"klvn.cz","logo":{"@type":"ImageObject","@id":"\/logo.png","url":"\/logo.png","width":600,"height":60}},"image":{"@type":"ImageObject","@id":"https:\/\/www.klvn.cz\/wp-content\/uploads\/meadow-2667461_640.jpg","url":"https:\/\/www.klvn.cz\/wp-content\/uploads\/meadow-2667461_640.jpg","height":0,"width":0},"keywords":null},{"@type":"Article","@id":"https:\/\/www.klvn.cz\/nebankovni-hypoteka-muze-byt-to-prave-pro-vas-a-vase-financni-potreby\/","headline":"Nebankovn\u00ed hypot\u00e9ka m\u016f\u017ee b\u00fdt to prav\u00e9 pro v\u00e1s a va\u0161e finan\u010dn\u00ed pot\u0159eby","url":"https:\/\/www.klvn.cz\/nebankovni-hypoteka-muze-byt-to-prave-pro-vas-a-vase-financni-potreby\/","datePublished":"2024-12-22","dateModified":"2024-12-22","mainEntityOfPage":"https:\/\/www.klvn.cz\/nebankovni-hypoteka-muze-byt-to-prave-pro-vas-a-vase-financni-potreby\/","author":{"@type":"Person","@id":"https:\/\/www.klvn.cz\/author\/#Person","name":"","url":"https:\/\/www.klvn.cz\/author\/","identifier":1,"image":{"@type":"ImageObject","@id":"https:\/\/secure.gravatar.com\/avatar\/6eaf701939e92690bed32d6f2e2c0f9e1355f2e3837c1fb45fbfacf848239e2d?s=96&d=mm&r=g","url":"https:\/\/secure.gravatar.com\/avatar\/6eaf701939e92690bed32d6f2e2c0f9e1355f2e3837c1fb45fbfacf848239e2d?s=96&d=mm&r=g","height":96,"width":96}},"publisher":{"@type":"Organization","name":"klvn.cz","logo":{"@type":"ImageObject","@id":"\/logo.png","url":"\/logo.png","width":600,"height":60}},"image":{"@type":"ImageObject","@id":"https:\/\/www.klvn.cz\/wp-content\/uploads\/tierra-mallorca-rgJ1J8SDEAY-unsplash%20(1)_1.jpg","url":"https:\/\/www.klvn.cz\/wp-content\/uploads\/tierra-mallorca-rgJ1J8SDEAY-unsplash%20(1)_1.jpg","height":0,"width":0},"keywords":null},{"@type":"Article","@id":"https:\/\/www.klvn.cz\/od-koho-si-pujcit\/","headline":"Od koho si p\u016fj\u010dit?","url":"https:\/\/www.klvn.cz\/od-koho-si-pujcit\/","datePublished":"2023-11-19","dateModified":"2023-11-19","mainEntityOfPage":"https:\/\/www.klvn.cz\/od-koho-si-pujcit\/","author":{"@type":"Person","@id":"https:\/\/www.klvn.cz\/author\/#Person","name":"","url":"https:\/\/www.klvn.cz\/author\/","identifier":1,"image":{"@type":"ImageObject","@id":"https:\/\/secure.gravatar.com\/avatar\/6eaf701939e92690bed32d6f2e2c0f9e1355f2e3837c1fb45fbfacf848239e2d?s=96&d=mm&r=g","url":"https:\/\/secure.gravatar.com\/avatar\/6eaf701939e92690bed32d6f2e2c0f9e1355f2e3837c1fb45fbfacf848239e2d?s=96&d=mm&r=g","height":96,"width":96}},"publisher":{"@type":"Organization","name":"klvn.cz","logo":{"@type":"ImageObject","@id":"\/logo.png","url":"\/logo.png","width":600,"height":60}},"image":{"@type":"ImageObject","@id":"https:\/\/www.klvn.cz\/wp-content\/uploads\/money-euro-coins-banknotes_687470-4438.jpg","url":"https:\/\/www.klvn.cz\/wp-content\/uploads\/money-euro-coins-banknotes_687470-4438.jpg","height":0,"width":0},"keywords":null},{"@type":"Article","@id":"https:\/\/www.klvn.cz\/nic-neni-pouze-cerne-nebo-bile\/","headline":"Nic nen\u00ed pouze \u010dern\u00e9 nebo b\u00edl\u00e9","url":"https:\/\/www.klvn.cz\/nic-neni-pouze-cerne-nebo-bile\/","datePublished":"2022-10-15","dateModified":"2022-10-15","mainEntityOfPage":"https:\/\/www.klvn.cz\/nic-neni-pouze-cerne-nebo-bile\/","author":{"@type":"Person","@id":"https:\/\/www.klvn.cz\/author\/#Person","name":"","url":"https:\/\/www.klvn.cz\/author\/","identifier":1,"image":{"@type":"ImageObject","@id":"https:\/\/secure.gravatar.com\/avatar\/6eaf701939e92690bed32d6f2e2c0f9e1355f2e3837c1fb45fbfacf848239e2d?s=96&d=mm&r=g","url":"https:\/\/secure.gravatar.com\/avatar\/6eaf701939e92690bed32d6f2e2c0f9e1355f2e3837c1fb45fbfacf848239e2d?s=96&d=mm&r=g","height":96,"width":96}},"publisher":{"@type":"Organization","name":"klvn.cz","logo":{"@type":"ImageObject","@id":"\/logo.png","url":"\/logo.png","width":600,"height":60}},"image":{"@type":"ImageObject","@id":"https:\/\/www.klvn.cz\/wp-content\/uploads\/%C4%8Dern%C3%A1.PNG","url":"https:\/\/www.klvn.cz\/wp-content\/uploads\/%C4%8Dern%C3%A1.PNG","height":0,"width":0},"keywords":null}]}