[{"@context":"https:\/\/schema.org\/","@type":"Article","@id":"https:\/\/www.klvn.cz\/vyhnete-se-nejvetsim-problemum-pri-stehovani\/#Article","mainEntityOfPage":"https:\/\/www.klvn.cz\/vyhnete-se-nejvetsim-problemum-pri-stehovani\/","headline":"Vyhn\u011bte se nejv\u011bt\u0161\u00edm probl\u00e9m\u016fm p\u0159i st\u011bhov\u00e1n\u00ed","name":"Vyhn\u011bte se nejv\u011bt\u0161\u00edm probl\u00e9m\u016fm p\u0159i st\u011bhov\u00e1n\u00ed","description":"Kter\u00e9 situace jsou v pr\u016fb\u011bhu st\u011bhov\u00e1n\u00ed problematick\u00e9, abychom je neopom\u00edjeli? Parkov\u00e1n\u00ed st\u011bhovac\u00edho vozu \u2013 m\u016f\u017ee se v\u00e1m st\u00e1t, \u017ee na zaji\u0161t\u011bn\u00ed parkovac\u00edch m\u00edst pro st\u011bhov\u00e1ky jednodu\u0161e zapomenete, \u010d\u00edm\u017e si v\u00fdrazn\u011b&hellip; <span class=\"read-more-span\"><a href=\"https:\/\/www.klvn.cz\/vyhnete-se-nejvetsim-problemum-pri-stehovani\/\" class=\"more-link\">Pokra\u010dovat ve \u010dten\u00ed<span class=\"screen-reader-text\"> \"Vyhn\u011bte se nejv\u011bt\u0161\u00edm probl\u00e9m\u016fm p\u0159i st\u011bhov\u00e1n\u00ed\"<\/span> <span class=\"genericon genericon-next\"><\/span><\/a><\/span>","datePublished":"2022-06-11","dateModified":"2022-06-11","author":{"@type":"Person","@id":"https:\/\/www.klvn.cz\/author\/#Person","name":"","url":"https:\/\/www.klvn.cz\/author\/","identifier":1,"image":{"@type":"ImageObject","@id":"https:\/\/secure.gravatar.com\/avatar\/6eaf701939e92690bed32d6f2e2c0f9e1355f2e3837c1fb45fbfacf848239e2d?s=96&d=mm&r=g","url":"https:\/\/secure.gravatar.com\/avatar\/6eaf701939e92690bed32d6f2e2c0f9e1355f2e3837c1fb45fbfacf848239e2d?s=96&d=mm&r=g","height":96,"width":96}},"publisher":{"@type":"Organization","name":"klvn.cz","logo":{"@type":"ImageObject","@id":"\/logo.png","url":"\/logo.png","width":600,"height":60}},"image":{"@type":"ImageObject","@id":"https:\/\/www.klvn.cz\/wp-content\/uploads\/rug-1088557_640_3.jpg","url":"https:\/\/www.klvn.cz\/wp-content\/uploads\/rug-1088557_640_3.jpg","height":0,"width":0},"url":"https:\/\/www.klvn.cz\/vyhnete-se-nejvetsim-problemum-pri-stehovani\/","about":["Podnik\u00e1n\u00ed"],"wordCount":443,"articleBody":"         Kter\u00e9 situace jsou v pr\u016fb\u011bhu st\u011bhov\u00e1n\u00ed problematick\u00e9, abychom je neopom\u00edjeli?Parkov\u00e1n\u00ed st\u011bhovac\u00edho vozu \u2013 m\u016f\u017ee se v\u00e1m st\u00e1t, \u017ee na zaji\u0161t\u011bn\u00ed parkovac\u00edch m\u00edst pro st\u011bhov\u00e1ky jednodu\u0161e zapomenete, \u010d\u00edm\u017e si v\u00fdrazn\u011b zkomplikujete situaci. Nezapom\u00ednejte, \u017ee u ka\u017ed\u00e9 \u017e\u00e1dosti o parkovac\u00ed m\u00edsto na m\u011bstsk\u00e9m odboru dopravy m\u016f\u017eete \u010dekat cel\u00fd m\u011bs\u00edc, ne\u017e v\u00e1m \u00fa\u0159edn\u00edci vyhov\u00ed.Demont\u00e1\u017e n\u00e1bytku \u2013 rozmontovat a znovu smontovat n\u00e1bytek se m\u016f\u017ee zd\u00e1t snadn\u00e9. Plat\u00ed to hlavn\u011b u mal\u00fdch v\u011bc\u00ed, jako jsou komody \u010di konferen\u010dn\u00ed stolky. Ale velk\u00e9 n\u00e1bytkov\u00e9 sestavy si rad\u011bji nechte rozebrat a smontovat st\u011bhovac\u00ed firmu, kter\u00e1 je i pro tyto pracovn\u00ed \u010dinnosti poji\u0161t\u011bna.Koberce \u2013 kdo se rozhodne p\u0159est\u011bhovat sv\u00e9pomoc\u00ed koberec, mus\u00ed po\u010d\u00edtat s t\u00edm, \u017ee se p\u011bkn\u011b nad\u0159e. M\u00e1me samoz\u0159ejm\u011b na mysli koberce v metr\u00e1\u017ei, v \u010dty\u0159 nebo p\u011btimetrov\u00e9 \u0161\u00ed\u0159i, o d\u00e9lk\u00e1ch v\u011bt\u0161\u00edch, ne\u017e \u010dty\u0159i metry. Takov\u00fd koberec bude velmi t\u011b\u017ek\u00fd a d\u00e1 v\u00e1m zabrat hlavn\u011b p\u0159i vyn\u00e1\u0161en\u00ed po schodech, proto\u017ee jej nesm\u00edte p\u0159elomit, \u010d\u00edm\u017e by se mohla po\u0161kodit jeho vl\u00e1kna. St\u011bhovac\u00ed firmy to v\u00ed, a proto st\u011bhuj\u00ed koberce do vy\u0161\u0161\u00edch pater nap\u0159. v panel\u00e1ku ve svisl\u00e9 poloze.Balic\u00ed materi\u00e1l \u2013 n\u011bkte\u0159\u00ed lid\u00e9 mohou st\u00e1le spol\u00e9hat na tradi\u010dn\u00ed novinov\u00fd pap\u00edr a balit do n\u011bj porcel\u00e1n, sklenice a dal\u0161\u00ed kuchy\u0148sk\u00e9 vybaven\u00ed. Jednak je to nehygienick\u00e9, proto\u017ee tiska\u0159sk\u00e1 barva je toxick\u00e1 a r\u00e1da pou\u0161t\u00ed, a pak je to pom\u011brn\u011b riskantn\u00ed vzhledem k tomu, \u017ee pap\u00edr nemus\u00ed zabr\u00e1nit po\u0161kozen\u00ed k\u0159ehk\u00fdch p\u0159edm\u011bt\u016f. Vsa\u010fte rad\u011bji na docela oby\u010dejnou bublinkovou f\u00f3lii, do t\u00e9 zabal\u00edte od mali\u010dkost\u00ed a\u017e po ty nejv\u011bt\u0161\u00ed kusy n\u00e1bytku. Pro velk\u00e9 spot\u0159ebi\u010de a tedy i dal\u0161\u00ed v\u011bt\u0161\u00ed p\u0159edm\u011bty je v\u0161ak vhodn\u011bj\u0161\u00ed velmi tenk\u00e1 tzv. flexi f\u00f3lie.V\u00fdb\u011br term\u00ednu \u2013 kdy st\u011bhov\u00e1ky oslovit? Nejl\u00e9pe \u010dty\u0159i a\u017e \u0161est t\u00fddn\u016f p\u0159edem, abyste si mohli bez probl\u00e9m\u016f zadat vhodn\u00fd term\u00edn a nemuseli v tomto sm\u011bru j\u00edt cestou nep\u0159\u00edjemn\u00e9ho kompromisu. Dop\u0159edu b\u00fdvaj\u00ed zamluven\u00e9 hlavn\u011b v\u00edkendy, ale mnohdy je v\u00fdhodn\u011bj\u0161\u00ed popt\u00e1vat cenu st\u011bhov\u00e1n\u00ed v Praze a jeho term\u00edn v pracovn\u00edch dnech, nejl\u00e9pe ve st\u0159edu a ve \u010dtvrtek.                                                                                                                                                                                                                                                                                                                                                                                          5\/5 - (3 votes)        "},{"@context":"https:\/\/schema.org\/","@type":"BreadcrumbList","itemListElement":[{"@type":"ListItem","position":1,"name":"Vyhn\u011bte se nejv\u011bt\u0161\u00edm probl\u00e9m\u016fm p\u0159i st\u011bhov\u00e1n\u00ed","item":"https:\/\/www.klvn.cz\/vyhnete-se-nejvetsim-problemum-pri-stehovani\/#breadcrumbitem"}]}]