[{"@context":"https:\/\/schema.org\/","@type":"Article","@id":"https:\/\/www.klvn.cz\/u-nas-si-prijdete-na-sve\/#Article","mainEntityOfPage":"https:\/\/www.klvn.cz\/u-nas-si-prijdete-na-sve\/","headline":"U n\u00e1s si p\u0159ijdete na sv\u00e9","name":"U n\u00e1s si p\u0159ijdete na sv\u00e9","description":"Takov\u00e1 sedac\u00ed souprava rozkl\u00e1dac\u00ed je velice praktick\u00fdm kusem n\u00e1bytku, kter\u00fd m\u016f\u017eeme spat\u0159it v obrovsk\u00e9m mno\u017estv\u00ed dom\u00e1cnost\u00ed. K \u010demu je vlastn\u011b n\u011bco takov\u00e9ho dobr\u00e9? To V\u00e1m moc r\u00e1di \u0159ekneme. Pokud m\u00e1te&hellip; <span class=\"read-more-span\"><a href=\"https:\/\/www.klvn.cz\/u-nas-si-prijdete-na-sve\/\" class=\"more-link\">Pokra\u010dovat ve \u010dten\u00ed<span class=\"screen-reader-text\"> \"U n\u00e1s si p\u0159ijdete na sv\u00e9\"<\/span> <span class=\"genericon genericon-next\"><\/span><\/a><\/span>","datePublished":"2025-02-19","dateModified":"2025-02-19","author":{"@type":"Person","@id":"https:\/\/www.klvn.cz\/author\/#Person","name":"","url":"https:\/\/www.klvn.cz\/author\/","identifier":1,"image":{"@type":"ImageObject","@id":"https:\/\/secure.gravatar.com\/avatar\/6eaf701939e92690bed32d6f2e2c0f9e1355f2e3837c1fb45fbfacf848239e2d?s=96&d=mm&r=g","url":"https:\/\/secure.gravatar.com\/avatar\/6eaf701939e92690bed32d6f2e2c0f9e1355f2e3837c1fb45fbfacf848239e2d?s=96&d=mm&r=g","height":96,"width":96}},"publisher":{"@type":"Organization","name":"klvn.cz","logo":{"@type":"ImageObject","@id":"\/logo.png","url":"\/logo.png","width":600,"height":60}},"url":"https:\/\/www.klvn.cz\/u-nas-si-prijdete-na-sve\/","wordCount":245,"articleBody":" Takov\u00e1 sedac\u00ed souprava rozkl\u00e1dac\u00ed je velice praktick\u00fdm kusem n\u00e1bytku, kter\u00fd m\u016f\u017eeme spat\u0159it v obrovsk\u00e9m mno\u017estv\u00ed dom\u00e1cnost\u00ed. K \u010demu je vlastn\u011b n\u011bco takov\u00e9ho dobr\u00e9? To V\u00e1m moc r\u00e1di \u0159ekneme. Pokud m\u00e1te t\u0159eba men\u0161\u00ed bydlen\u00ed nebo se pot\u00fdk\u00e1te s nedostatkem prostoru, v\u017edy se V\u00e1m bude takov\u00fd kus n\u00e1bytku hodit, proto\u017ee p\u0159es den tu pro V\u00e1s bude jako oby\u010dejn\u00e1 pohovka, na noc se ale zm\u011bn\u00ed v pohodlnou postel, na kter\u00e9 se velice dob\u0159e vysp\u00edte. A proto byste m\u011bli tento kus n\u00e1bytku po\u0159\u00eddit pr\u00e1v\u011b pro Va\u0161e bydlen\u00ed. \u0158e\u0161en\u00ed pro ka\u017edou dom\u00e1cnost Nemus\u00edte m\u00edt zrovna malou dom\u00e1cnost, abyste si tento druh pohovky po\u0159\u00eddili. V\u017edy se V\u00e1m m\u016f\u017ee jej\u00ed vlastnost opravdu hodit, proto nev\u00e1hejte a vsa\u010fte pr\u00e1v\u011b na tuto pohovku. My jsme p\u0159ipraveni V\u00e1m nab\u00eddnout jenom to nejlep\u0161\u00ed, tomu v\u011b\u0159te. V na\u0161\u00ed nab\u00eddce tedy naleznete to, co byste mohli pot\u0159ebovat. Samoz\u0159ejm\u011b moc dob\u0159e v\u00edme, jak je vzhled p\u0159i v\u00fdb\u011bru takov\u00e9ho kusu n\u00e1bytku d\u016fle\u017eit\u00fd, a proto se v\u017edy sna\u017e\u00edme, abychom mohli na\u0161im z\u00e1kazn\u00edk\u016fm nab\u00eddnout pouze \u0161irokou \u0161k\u00e1lu kvalitn\u00edho zbo\u017e\u00ed, na kter\u00e9 je spolehnut\u00ed a kter\u00e9 jim bude dob\u0159e slou\u017eit.                                                                                                                                                                                                                                                                                                                                                                                         5\/5 - (1 vote)        "},{"@context":"https:\/\/schema.org\/","@type":"BreadcrumbList","itemListElement":[{"@type":"ListItem","position":1,"name":"U n\u00e1s si p\u0159ijdete na sv\u00e9","item":"https:\/\/www.klvn.cz\/u-nas-si-prijdete-na-sve\/#breadcrumbitem"}]}]