[{"@context":"https:\/\/schema.org\/","@type":"Article","@id":"https:\/\/www.klvn.cz\/pujcka-leccos-zachrani\/#Article","mainEntityOfPage":"https:\/\/www.klvn.cz\/pujcka-leccos-zachrani\/","headline":"P\u016fj\u010dka leccos zachr\u00e1n\u00ed","name":"P\u016fj\u010dka leccos zachr\u00e1n\u00ed","description":"Podnikatel\u00e9 jsou r\u016fzn\u00ed stejn\u011b jako situace, ve kter\u00fdch se tito mnohdy ocitaj\u00ed. A proto se jim m\u016f\u017ee st\u00e1t ledacos. V mnoha p\u0159\u00edpadech doch\u00e1z\u00ed nap\u0159\u00edklad k tomu, \u017ee (co\u017e je logick\u00e9)&hellip; <span class=\"read-more-span\"><a href=\"https:\/\/www.klvn.cz\/pujcka-leccos-zachrani\/\" class=\"more-link\">Pokra\u010dovat ve \u010dten\u00ed<span class=\"screen-reader-text\"> \"P\u016fj\u010dka leccos zachr\u00e1n\u00ed\"<\/span> <span class=\"genericon genericon-next\"><\/span><\/a><\/span>","datePublished":"2025-05-02","dateModified":"2025-05-02","author":{"@type":"Person","@id":"https:\/\/www.klvn.cz\/author\/#Person","name":"","url":"https:\/\/www.klvn.cz\/author\/","identifier":1,"image":{"@type":"ImageObject","@id":"https:\/\/secure.gravatar.com\/avatar\/6eaf701939e92690bed32d6f2e2c0f9e1355f2e3837c1fb45fbfacf848239e2d?s=96&d=mm&r=g","url":"https:\/\/secure.gravatar.com\/avatar\/6eaf701939e92690bed32d6f2e2c0f9e1355f2e3837c1fb45fbfacf848239e2d?s=96&d=mm&r=g","height":96,"width":96}},"publisher":{"@type":"Organization","name":"klvn.cz","logo":{"@type":"ImageObject","@id":"\/logo.png","url":"\/logo.png","width":600,"height":60}},"image":{"@type":"ImageObject","@id":"https:\/\/www.klvn.cz\/wp-content\/uploads\/pppp_10_10_10_10_10_10_4.jpg","url":"https:\/\/www.klvn.cz\/wp-content\/uploads\/pppp_10_10_10_10_10_10_4.jpg","height":0,"width":0},"url":"https:\/\/www.klvn.cz\/pujcka-leccos-zachrani\/","about":["Ekonomika"],"wordCount":412,"articleBody":"       Podnikatel\u00e9 jsou r\u016fzn\u00ed stejn\u011b jako situace, ve kter\u00fdch se tito mnohdy ocitaj\u00ed. A proto se jim m\u016f\u017ee st\u00e1t ledacos. V mnoha p\u0159\u00edpadech doch\u00e1z\u00ed nap\u0159\u00edklad k tomu, \u017ee (co\u017e je logick\u00e9) pot\u0159ebuj\u00ed pen\u00edze pro sv\u00e9 podnik\u00e1n\u00ed a na sv\u00e9 \u017eivobyt\u00ed, ale nemaj\u00ed je. Co\u017e se pochopiteln\u011b st\u00e1v\u00e1 i lidem nepodnikaj\u00edc\u00edm, ale u podnikatel\u016f je to je\u0161t\u011b z\u00e1va\u017en\u011bj\u0161\u00ed probl\u00e9m. A sice proto, \u017ee kdy\u017e nemaj\u00ed dost pen\u011bz spot\u0159ebitel\u00e9, komplikuje to jenom jejich aktu\u00e1ln\u00ed osobn\u00ed situaci, zat\u00edmco u soukrom\u00fdch podnikatel\u016f to ohro\u017euje i samotnou jejich existenci, jejich zam\u011bstn\u00e1n\u00ed. Proto\u017ee kdy\u017e nejsou pen\u00edze na provoz firmy, tato nefunguje tak, jak by m\u011bla, a jej\u00ed perspektiva je nejist\u00e1, tak\u017ee m\u016f\u017ee i zaniknout a podnikatel tak p\u0159ijde o sv\u016fj zdroj ob\u017eivy.Tak daleko by to ale v \u017e\u00e1dn\u00e9m p\u0159\u00edpad\u011b zach\u00e1zet nem\u011blo. Kdy\u017e maj\u00ed podnikatel\u00e9 probl\u00e9my, m\u011bli by je zvl\u00e1dnout vy\u0159e\u0161it, dokud je\u0161t\u011b nen\u00ed v\u0161e ztracen\u00e9. Jen\u017ee takov\u00e9 \u0159e\u0161en\u00ed znamen\u00ed sehn\u00e1n\u00ed dal\u0161\u00edch pen\u011bz. Co\u017e neb\u00fdv\u00e1 jednoduch\u00fd \u00fakol. Proto\u017ee nevyn\u00e1\u0161\u00ed-li zrovna podnik\u00e1n\u00ed, kde ty pen\u00edze vz\u00edt? Nikdo je nikomu jenom tak ned\u00e1. Nanejv\u00fd\u0161 tak p\u016fj\u010d\u00ed, a to za \u010dasto a\u017e p\u0159\u00edli\u0161 p\u0159\u00edsn\u00fdch podm\u00ednek.A kdy\u017e se tedy podnikatel rozhodne vz\u00edt si p\u016fj\u010dku? Jak by m\u011bl v takov\u00e9m p\u0159\u00edpad\u011b postupovat, aby dopadl pokud mo\u017eno co nejl\u00e9pe a co nejm\u00e9n\u011b si t\u00edm zkomplikoval \u017eivot?Samoz\u0159ejm\u011b by si m\u011bl n\u011bkdo takov\u00fd zajistit p\u016fj\u010dku, kterou bude schopn\u00fd splatit. To d\u00e1 rozum, \u017ee nezvladateln\u00e1 p\u016fj\u010dka nen\u00ed pomoc\u00ed, ale jenom dal\u0161\u00ed komplikac\u00ed v u\u017e i tak t\u011b\u017ek\u00e9 situaci. Ale to nen\u00ed to jedin\u00e9, co by m\u011blo podnikatele v nesn\u00e1z\u00edch zaj\u00edmat. Je\u0161t\u011b d\u016fle\u017eit\u011bj\u0161\u00ed je vlastn\u011b to, zda podnikatel p\u016fj\u010dku, kterou s vybere, tak\u00e9 dostane. Nedostupn\u00e1 p\u016fj\u010dka p\u0159ece nevy\u0159e\u0161\u00ed v\u016fbec nic.A tak se n\u011bkdy \u017e\u00e1d\u00e1 o bankovn\u00ed p\u016fj\u010dku a n\u011bkdy rad\u011bji o nebankovn\u00ed hypot\u00e9ku. A kdo n\u011bkdy za\u017eil oboj\u00ed, potvrd\u00ed v\u00e1m, \u017ee se nebankovn\u00ed americk\u00e1 hypot\u00e9ka https:\/\/www.americka-nebankovni-hypoteka.cz\/ se\u017eene daleko sn\u00e1ze. A p\u0159esto tak\u00e9 v\u00fdhodn\u011b.                                                                                                                                                                                                                                                                                                                                                                                          4.7\/5 - (4 votes)        "},{"@context":"https:\/\/schema.org\/","@type":"BreadcrumbList","itemListElement":[{"@type":"ListItem","position":1,"name":"P\u016fj\u010dka leccos zachr\u00e1n\u00ed","item":"https:\/\/www.klvn.cz\/pujcka-leccos-zachrani\/#breadcrumbitem"}]}]