[{"@context":"https:\/\/schema.org\/","@type":"Blog","@id":"https:\/\/www.klvn.cz#Blog","headline":"Klvn","description":"\nNa r\u016fzn\u00fdch webech jsou r\u016fzn\u00e9 nab\u00eddky. Na tomto se t\u0159eba nab\u00edz\u00ed jenom to, co v\u00e1m prosp\u011bje a co v\u00e1s nezklame ani v\u00a0t\u011b\u017ek\u00fdch obdob\u00edch va\u0161eho \u017eivota.","url":"https:\/\/www.klvn.cz","hasPart":[{"@type":"Article","@id":"https:\/\/www.klvn.cz\/pohodli-pro-vas-i-vase-miminko\/","headline":"Pohodl\u00ed pro V\u00e1s i Va\u0161e miminko","url":"https:\/\/www.klvn.cz\/pohodli-pro-vas-i-vase-miminko\/","datePublished":"2025-05-03","dateModified":"2025-05-03","mainEntityOfPage":"https:\/\/www.klvn.cz\/pohodli-pro-vas-i-vase-miminko\/","author":{"@type":"Person","@id":"https:\/\/www.klvn.cz\/author\/#Person","name":"","url":"https:\/\/www.klvn.cz\/author\/","identifier":1,"image":{"@type":"ImageObject","@id":"https:\/\/secure.gravatar.com\/avatar\/6eaf701939e92690bed32d6f2e2c0f9e1355f2e3837c1fb45fbfacf848239e2d?s=96&d=mm&r=g","url":"https:\/\/secure.gravatar.com\/avatar\/6eaf701939e92690bed32d6f2e2c0f9e1355f2e3837c1fb45fbfacf848239e2d?s=96&d=mm&r=g","height":96,"width":96}},"publisher":{"@type":"Organization","name":"klvn.cz","logo":{"@type":"ImageObject","@id":"\/logo.png","url":"\/logo.png","width":600,"height":60}},"image":{"@type":"ImageObject","@id":"https:\/\/www.klvn.cz\/wp-content\/uploads\/kojenec_5.jpg","url":"https:\/\/www.klvn.cz\/wp-content\/uploads\/kojenec_5.jpg","height":0,"width":0},"wordCount":625,"keywords":null},{"@type":"Article","@id":"https:\/\/www.klvn.cz\/usnadneni-pece-o-vodu\/","headline":"Usnadn\u011bn\u00ed p\u00e9\u010de o vodu","url":"https:\/\/www.klvn.cz\/usnadneni-pece-o-vodu\/","datePublished":"2025-05-02","dateModified":"2025-05-02","mainEntityOfPage":"https:\/\/www.klvn.cz\/usnadneni-pece-o-vodu\/","author":{"@type":"Person","@id":"https:\/\/www.klvn.cz\/author\/#Person","name":"","url":"https:\/\/www.klvn.cz\/author\/","identifier":1,"image":{"@type":"ImageObject","@id":"https:\/\/secure.gravatar.com\/avatar\/6eaf701939e92690bed32d6f2e2c0f9e1355f2e3837c1fb45fbfacf848239e2d?s=96&d=mm&r=g","url":"https:\/\/secure.gravatar.com\/avatar\/6eaf701939e92690bed32d6f2e2c0f9e1355f2e3837c1fb45fbfacf848239e2d?s=96&d=mm&r=g","height":96,"width":96}},"publisher":{"@type":"Organization","name":"klvn.cz","logo":{"@type":"ImageObject","@id":"\/logo.png","url":"\/logo.png","width":600,"height":60}},"image":{"@type":"ImageObject","@id":"https:\/\/www.klvn.cz\/wp-content\/uploads\/swimming-1925391_640_6.jpg","url":"https:\/\/www.klvn.cz\/wp-content\/uploads\/swimming-1925391_640_6.jpg","height":0,"width":0},"wordCount":687,"keywords":null},{"@type":"Article","@id":"https:\/\/www.klvn.cz\/pujcka-leccos-zachrani\/","headline":"P\u016fj\u010dka leccos zachr\u00e1n\u00ed","url":"https:\/\/www.klvn.cz\/pujcka-leccos-zachrani\/","datePublished":"2025-05-02","dateModified":"2025-05-02","mainEntityOfPage":"https:\/\/www.klvn.cz\/pujcka-leccos-zachrani\/","author":{"@type":"Person","@id":"https:\/\/www.klvn.cz\/author\/#Person","name":"","url":"https:\/\/www.klvn.cz\/author\/","identifier":1,"image":{"@type":"ImageObject","@id":"https:\/\/secure.gravatar.com\/avatar\/6eaf701939e92690bed32d6f2e2c0f9e1355f2e3837c1fb45fbfacf848239e2d?s=96&d=mm&r=g","url":"https:\/\/secure.gravatar.com\/avatar\/6eaf701939e92690bed32d6f2e2c0f9e1355f2e3837c1fb45fbfacf848239e2d?s=96&d=mm&r=g","height":96,"width":96}},"publisher":{"@type":"Organization","name":"klvn.cz","logo":{"@type":"ImageObject","@id":"\/logo.png","url":"\/logo.png","width":600,"height":60}},"image":{"@type":"ImageObject","@id":"https:\/\/www.klvn.cz\/wp-content\/uploads\/pppp_10_10_10_10_10_10_4.jpg","url":"https:\/\/www.klvn.cz\/wp-content\/uploads\/pppp_10_10_10_10_10_10_4.jpg","height":0,"width":0},"wordCount":608,"keywords":null},{"@type":"Article","@id":"https:\/\/www.klvn.cz\/znate-mitragynu-speciosu\/","headline":"Zn\u00e1te mitragynu speciosu?","url":"https:\/\/www.klvn.cz\/znate-mitragynu-speciosu\/","datePublished":"2025-05-02","dateModified":"2025-05-02","mainEntityOfPage":"https:\/\/www.klvn.cz\/znate-mitragynu-speciosu\/","author":{"@type":"Person","@id":"https:\/\/www.klvn.cz\/author\/#Person","name":"","url":"https:\/\/www.klvn.cz\/author\/","identifier":1,"image":{"@type":"ImageObject","@id":"https:\/\/secure.gravatar.com\/avatar\/6eaf701939e92690bed32d6f2e2c0f9e1355f2e3837c1fb45fbfacf848239e2d?s=96&d=mm&r=g","url":"https:\/\/secure.gravatar.com\/avatar\/6eaf701939e92690bed32d6f2e2c0f9e1355f2e3837c1fb45fbfacf848239e2d?s=96&d=mm&r=g","height":96,"width":96}},"publisher":{"@type":"Organization","name":"klvn.cz","logo":{"@type":"ImageObject","@id":"\/logo.png","url":"\/logo.png","width":600,"height":60}},"image":{"@type":"ImageObject","@id":"https:\/\/www.klvn.cz\/wp-content\/uploads\/k.jpeg","url":"https:\/\/www.klvn.cz\/wp-content\/uploads\/k.jpeg","height":0,"width":0},"wordCount":599,"keywords":null},{"@type":"Article","@id":"https:\/\/www.klvn.cz\/kdy-je-potreba-nechat-si-vyrobit-okna-na-miru\/","headline":"Kdy je pot\u0159eba nechat si vyrobit okna na m\u00edru","url":"https:\/\/www.klvn.cz\/kdy-je-potreba-nechat-si-vyrobit-okna-na-miru\/","datePublished":"2025-05-01","dateModified":"2025-05-01","mainEntityOfPage":"https:\/\/www.klvn.cz\/kdy-je-potreba-nechat-si-vyrobit-okna-na-miru\/","author":{"@type":"Person","@id":"https:\/\/www.klvn.cz\/author\/#Person","name":"","url":"https:\/\/www.klvn.cz\/author\/","identifier":1,"image":{"@type":"ImageObject","@id":"https:\/\/secure.gravatar.com\/avatar\/6eaf701939e92690bed32d6f2e2c0f9e1355f2e3837c1fb45fbfacf848239e2d?s=96&d=mm&r=g","url":"https:\/\/secure.gravatar.com\/avatar\/6eaf701939e92690bed32d6f2e2c0f9e1355f2e3837c1fb45fbfacf848239e2d?s=96&d=mm&r=g","height":96,"width":96}},"publisher":{"@type":"Organization","name":"klvn.cz","logo":{"@type":"ImageObject","@id":"\/logo.png","url":"\/logo.png","width":600,"height":60}},"image":{"@type":"ImageObject","@id":"https:\/\/www.klvn.cz\/wp-content\/uploads\/okno1_1.jpg","url":"https:\/\/www.klvn.cz\/wp-content\/uploads\/okno1_1.jpg","height":0,"width":0},"wordCount":580,"keywords":null},{"@type":"Article","@id":"https:\/\/www.klvn.cz\/turek-a-turecka-kava-neni-kava-jako-kava\/","headline":"Turek a tureck\u00e1 k\u00e1va? Nen\u00ed k\u00e1va jako k\u00e1va!","url":"https:\/\/www.klvn.cz\/turek-a-turecka-kava-neni-kava-jako-kava\/","datePublished":"2025-05-01","dateModified":"2025-05-01","mainEntityOfPage":"https:\/\/www.klvn.cz\/turek-a-turecka-kava-neni-kava-jako-kava\/","author":{"@type":"Person","@id":"https:\/\/www.klvn.cz\/author\/#Person","name":"","url":"https:\/\/www.klvn.cz\/author\/","identifier":1,"image":{"@type":"ImageObject","@id":"https:\/\/secure.gravatar.com\/avatar\/6eaf701939e92690bed32d6f2e2c0f9e1355f2e3837c1fb45fbfacf848239e2d?s=96&d=mm&r=g","url":"https:\/\/secure.gravatar.com\/avatar\/6eaf701939e92690bed32d6f2e2c0f9e1355f2e3837c1fb45fbfacf848239e2d?s=96&d=mm&r=g","height":96,"width":96}},"publisher":{"@type":"Organization","name":"klvn.cz","logo":{"@type":"ImageObject","@id":"\/logo.png","url":"\/logo.png","width":600,"height":60}},"image":{"@type":"ImageObject","@id":"https:\/\/www.klvn.cz\/wp-content\/uploads\/ricardo-diaz-i7oqDlMFVxc-unsplash.jpg","url":"https:\/\/www.klvn.cz\/wp-content\/uploads\/ricardo-diaz-i7oqDlMFVxc-unsplash.jpg","height":0,"width":0},"wordCount":602,"keywords":null},{"@type":"Article","@id":"https:\/\/www.klvn.cz\/i-s-nealkem-se-da-bavit\/","headline":"I s nealkem se d\u00e1 bavit","url":"https:\/\/www.klvn.cz\/i-s-nealkem-se-da-bavit\/","datePublished":"2025-05-01","dateModified":"2025-05-01","mainEntityOfPage":"https:\/\/www.klvn.cz\/i-s-nealkem-se-da-bavit\/","author":{"@type":"Person","@id":"https:\/\/www.klvn.cz\/author\/#Person","name":"","url":"https:\/\/www.klvn.cz\/author\/","identifier":1,"image":{"@type":"ImageObject","@id":"https:\/\/secure.gravatar.com\/avatar\/6eaf701939e92690bed32d6f2e2c0f9e1355f2e3837c1fb45fbfacf848239e2d?s=96&d=mm&r=g","url":"https:\/\/secure.gravatar.com\/avatar\/6eaf701939e92690bed32d6f2e2c0f9e1355f2e3837c1fb45fbfacf848239e2d?s=96&d=mm&r=g","height":96,"width":96}},"publisher":{"@type":"Organization","name":"klvn.cz","logo":{"@type":"ImageObject","@id":"\/logo.png","url":"\/logo.png","width":600,"height":60}},"image":{"@type":"ImageObject","@id":"https:\/\/www.klvn.cz\/wp-content\/uploads\/dddd_10_2.jpg","url":"https:\/\/www.klvn.cz\/wp-content\/uploads\/dddd_10_2.jpg","height":0,"width":0},"wordCount":566,"keywords":null},{"@type":"Article","@id":"https:\/\/www.klvn.cz\/levna-dovolena-pro-vas\/","headline":"Levn\u00e1 dovolen\u00e1 pro V\u00e1s","url":"https:\/\/www.klvn.cz\/levna-dovolena-pro-vas\/","datePublished":"2025-04-21","dateModified":"2025-04-21","mainEntityOfPage":"https:\/\/www.klvn.cz\/levna-dovolena-pro-vas\/","author":{"@type":"Person","@id":"https:\/\/www.klvn.cz\/author\/#Person","name":"","url":"https:\/\/www.klvn.cz\/author\/","identifier":1,"image":{"@type":"ImageObject","@id":"https:\/\/secure.gravatar.com\/avatar\/6eaf701939e92690bed32d6f2e2c0f9e1355f2e3837c1fb45fbfacf848239e2d?s=96&d=mm&r=g","url":"https:\/\/secure.gravatar.com\/avatar\/6eaf701939e92690bed32d6f2e2c0f9e1355f2e3837c1fb45fbfacf848239e2d?s=96&d=mm&r=g","height":96,"width":96}},"publisher":{"@type":"Organization","name":"klvn.cz","logo":{"@type":"ImageObject","@id":"\/logo.png","url":"\/logo.png","width":600,"height":60}},"image":null,"wordCount":217,"keywords":null},{"@type":"Article","@id":"https:\/\/www.klvn.cz\/drevena-okna\/","headline":"D\u0159even\u00e1 okna","url":"https:\/\/www.klvn.cz\/drevena-okna\/","datePublished":"2025-04-13","dateModified":"2025-04-13","mainEntityOfPage":"https:\/\/www.klvn.cz\/drevena-okna\/","author":{"@type":"Person","@id":"https:\/\/www.klvn.cz\/author\/#Person","name":"","url":"https:\/\/www.klvn.cz\/author\/","identifier":1,"image":{"@type":"ImageObject","@id":"https:\/\/secure.gravatar.com\/avatar\/6eaf701939e92690bed32d6f2e2c0f9e1355f2e3837c1fb45fbfacf848239e2d?s=96&d=mm&r=g","url":"https:\/\/secure.gravatar.com\/avatar\/6eaf701939e92690bed32d6f2e2c0f9e1355f2e3837c1fb45fbfacf848239e2d?s=96&d=mm&r=g","height":96,"width":96}},"publisher":{"@type":"Organization","name":"klvn.cz","logo":{"@type":"ImageObject","@id":"\/logo.png","url":"\/logo.png","width":600,"height":60}},"image":null,"wordCount":248,"keywords":null},{"@type":"Article","@id":"https:\/\/www.klvn.cz\/neco-neopakovatelneho\/","headline":"N\u011bco neopakovateln\u00e9ho","url":"https:\/\/www.klvn.cz\/neco-neopakovatelneho\/","datePublished":"2025-04-08","dateModified":"2025-04-08","mainEntityOfPage":"https:\/\/www.klvn.cz\/neco-neopakovatelneho\/","author":{"@type":"Person","@id":"https:\/\/www.klvn.cz\/author\/#Person","name":"","url":"https:\/\/www.klvn.cz\/author\/","identifier":1,"image":{"@type":"ImageObject","@id":"https:\/\/secure.gravatar.com\/avatar\/6eaf701939e92690bed32d6f2e2c0f9e1355f2e3837c1fb45fbfacf848239e2d?s=96&d=mm&r=g","url":"https:\/\/secure.gravatar.com\/avatar\/6eaf701939e92690bed32d6f2e2c0f9e1355f2e3837c1fb45fbfacf848239e2d?s=96&d=mm&r=g","height":96,"width":96}},"publisher":{"@type":"Organization","name":"klvn.cz","logo":{"@type":"ImageObject","@id":"\/logo.png","url":"\/logo.png","width":600,"height":60}},"image":null,"wordCount":291,"keywords":null}]},{"@context":"https:\/\/schema.org","@type":"WebSite","@id":"https:\/\/www.klvn.cz\/#website","name":"Klvn","url":"https:\/\/www.klvn.cz","potentialAction":{"@type":"SearchAction","target":"https:\/\/www.klvn.cz\/?s={search_term_string}","query-input":"required name=search_term_string"}}]