[{"@context":"https:\/\/schema.org\/","@type":"Blog","@id":"https:\/\/www.klvn.cz#Blog","headline":"Klvn","description":"\nNa r\u016fzn\u00fdch webech jsou r\u016fzn\u00e9 nab\u00eddky. Na tomto se t\u0159eba nab\u00edz\u00ed jenom to, co v\u00e1m prosp\u011bje a co v\u00e1s nezklame ani v\u00a0t\u011b\u017ek\u00fdch obdob\u00edch va\u0161eho \u017eivota.","url":"https:\/\/www.klvn.cz","hasPart":[{"@type":"Article","@id":"https:\/\/www.klvn.cz\/s-pronajatym-vozem-z-prazske-autopujcovny-do-stredniho-posazavi\/","headline":"S pronajat\u00fdm vozem z pra\u017esk\u00e9 autop\u016fj\u010dovny do st\u0159edn\u00edho Pos\u00e1zav\u00ed","url":"https:\/\/www.klvn.cz\/s-pronajatym-vozem-z-prazske-autopujcovny-do-stredniho-posazavi\/","datePublished":"2025-05-10","dateModified":"2025-05-10","mainEntityOfPage":"https:\/\/www.klvn.cz\/s-pronajatym-vozem-z-prazske-autopujcovny-do-stredniho-posazavi\/","author":{"@type":"Person","@id":"https:\/\/www.klvn.cz\/author\/#Person","name":"","url":"https:\/\/www.klvn.cz\/author\/","identifier":1,"image":{"@type":"ImageObject","@id":"https:\/\/secure.gravatar.com\/avatar\/6eaf701939e92690bed32d6f2e2c0f9e1355f2e3837c1fb45fbfacf848239e2d?s=96&d=mm&r=g","url":"https:\/\/secure.gravatar.com\/avatar\/6eaf701939e92690bed32d6f2e2c0f9e1355f2e3837c1fb45fbfacf848239e2d?s=96&d=mm&r=g","height":96,"width":96}},"publisher":{"@type":"Organization","name":"klvn.cz","logo":{"@type":"ImageObject","@id":"\/logo.png","url":"\/logo.png","width":600,"height":60}},"image":{"@type":"ImageObject","@id":"https:\/\/www.klvn.cz\/wp-content\/uploads\/tree-7186835_640_2.jpg","url":"https:\/\/www.klvn.cz\/wp-content\/uploads\/tree-7186835_640_2.jpg","height":0,"width":0},"wordCount":608,"keywords":null},{"@type":"Article","@id":"https:\/\/www.klvn.cz\/uzivat-si-bez-ohledu-na-pocasi\/","headline":"U\u017e\u00edvat si bez ohledu na po\u010das\u00ed","url":"https:\/\/www.klvn.cz\/uzivat-si-bez-ohledu-na-pocasi\/","datePublished":"2025-05-10","dateModified":"2025-05-10","mainEntityOfPage":"https:\/\/www.klvn.cz\/uzivat-si-bez-ohledu-na-pocasi\/","author":{"@type":"Person","@id":"https:\/\/www.klvn.cz\/author\/#Person","name":"","url":"https:\/\/www.klvn.cz\/author\/","identifier":1,"image":{"@type":"ImageObject","@id":"https:\/\/secure.gravatar.com\/avatar\/6eaf701939e92690bed32d6f2e2c0f9e1355f2e3837c1fb45fbfacf848239e2d?s=96&d=mm&r=g","url":"https:\/\/secure.gravatar.com\/avatar\/6eaf701939e92690bed32d6f2e2c0f9e1355f2e3837c1fb45fbfacf848239e2d?s=96&d=mm&r=g","height":96,"width":96}},"publisher":{"@type":"Organization","name":"klvn.cz","logo":{"@type":"ImageObject","@id":"\/logo.png","url":"\/logo.png","width":600,"height":60}},"image":{"@type":"ImageObject","@id":"https:\/\/www.klvn.cz\/wp-content\/uploads\/affair-1238428_640.jpg","url":"https:\/\/www.klvn.cz\/wp-content\/uploads\/affair-1238428_640.jpg","height":0,"width":0},"wordCount":538,"keywords":null},{"@type":"Article","@id":"https:\/\/www.klvn.cz\/choose-the-best-shooting-range-for-shooting\/","headline":"Choose the best shooting range for shooting","url":"https:\/\/www.klvn.cz\/choose-the-best-shooting-range-for-shooting\/","datePublished":"2025-05-09","dateModified":"2025-05-09","mainEntityOfPage":"https:\/\/www.klvn.cz\/choose-the-best-shooting-range-for-shooting\/","author":{"@type":"Person","@id":"https:\/\/www.klvn.cz\/author\/#Person","name":"","url":"https:\/\/www.klvn.cz\/author\/","identifier":1,"image":{"@type":"ImageObject","@id":"https:\/\/secure.gravatar.com\/avatar\/6eaf701939e92690bed32d6f2e2c0f9e1355f2e3837c1fb45fbfacf848239e2d?s=96&d=mm&r=g","url":"https:\/\/secure.gravatar.com\/avatar\/6eaf701939e92690bed32d6f2e2c0f9e1355f2e3837c1fb45fbfacf848239e2d?s=96&d=mm&r=g","height":96,"width":96}},"publisher":{"@type":"Organization","name":"klvn.cz","logo":{"@type":"ImageObject","@id":"\/logo.png","url":"\/logo.png","width":600,"height":60}},"image":{"@type":"ImageObject","@id":"https:\/\/www.klvn.cz\/wp-content\/uploads\/toxic-player-fIIYBw4b-DQ-unsplash.jpg","url":"https:\/\/www.klvn.cz\/wp-content\/uploads\/toxic-player-fIIYBw4b-DQ-unsplash.jpg","height":0,"width":0},"wordCount":493,"keywords":null},{"@type":"Article","@id":"https:\/\/www.klvn.cz\/vestavene-skrine-pro-maximalni-vyuziti-prostoru\/","headline":"Vestav\u011bn\u00e9 sk\u0159\u00edn\u011b pro maxim\u00e1ln\u00ed vyu\u017eit\u00ed prostoru","url":"https:\/\/www.klvn.cz\/vestavene-skrine-pro-maximalni-vyuziti-prostoru\/","datePublished":"2025-05-09","dateModified":"2025-05-09","mainEntityOfPage":"https:\/\/www.klvn.cz\/vestavene-skrine-pro-maximalni-vyuziti-prostoru\/","author":{"@type":"Person","@id":"https:\/\/www.klvn.cz\/author\/#Person","name":"","url":"https:\/\/www.klvn.cz\/author\/","identifier":1,"image":{"@type":"ImageObject","@id":"https:\/\/secure.gravatar.com\/avatar\/6eaf701939e92690bed32d6f2e2c0f9e1355f2e3837c1fb45fbfacf848239e2d?s=96&d=mm&r=g","url":"https:\/\/secure.gravatar.com\/avatar\/6eaf701939e92690bed32d6f2e2c0f9e1355f2e3837c1fb45fbfacf848239e2d?s=96&d=mm&r=g","height":96,"width":96}},"publisher":{"@type":"Organization","name":"klvn.cz","logo":{"@type":"ImageObject","@id":"\/logo.png","url":"\/logo.png","width":600,"height":60}},"image":{"@type":"ImageObject","@id":"https:\/\/www.klvn.cz\/wp-content\/uploads\/interior-design-7132493_640_10_10_6.jpg","url":"https:\/\/www.klvn.cz\/wp-content\/uploads\/interior-design-7132493_640_10_10_6.jpg","height":0,"width":0},"wordCount":636,"keywords":null},{"@type":"Article","@id":"https:\/\/www.klvn.cz\/budte-na-sebe-hrdi\/","headline":"Bu\u010fte na sebe hrd\u00ed","url":"https:\/\/www.klvn.cz\/budte-na-sebe-hrdi\/","datePublished":"2025-05-09","dateModified":"2025-05-09","mainEntityOfPage":"https:\/\/www.klvn.cz\/budte-na-sebe-hrdi\/","author":{"@type":"Person","@id":"https:\/\/www.klvn.cz\/author\/#Person","name":"","url":"https:\/\/www.klvn.cz\/author\/","identifier":1,"image":{"@type":"ImageObject","@id":"https:\/\/secure.gravatar.com\/avatar\/6eaf701939e92690bed32d6f2e2c0f9e1355f2e3837c1fb45fbfacf848239e2d?s=96&d=mm&r=g","url":"https:\/\/secure.gravatar.com\/avatar\/6eaf701939e92690bed32d6f2e2c0f9e1355f2e3837c1fb45fbfacf848239e2d?s=96&d=mm&r=g","height":96,"width":96}},"publisher":{"@type":"Organization","name":"klvn.cz","logo":{"@type":"ImageObject","@id":"\/logo.png","url":"\/logo.png","width":600,"height":60}},"image":{"@type":"ImageObject","@id":"https:\/\/www.klvn.cz\/wp-content\/uploads\/greenhouse-2683927_640_10_2.jpg","url":"https:\/\/www.klvn.cz\/wp-content\/uploads\/greenhouse-2683927_640_10_2.jpg","height":0,"width":0},"wordCount":519,"keywords":null},{"@type":"Article","@id":"https:\/\/www.klvn.cz\/jake-formy-muze-mit-venkovni-svetelna-reklama\/","headline":"Jak\u00e9 formy m\u016f\u017ee m\u00edt venkovn\u00ed sv\u011bteln\u00e1 reklama","url":"https:\/\/www.klvn.cz\/jake-formy-muze-mit-venkovni-svetelna-reklama\/","datePublished":"2025-05-08","dateModified":"2025-05-08","mainEntityOfPage":"https:\/\/www.klvn.cz\/jake-formy-muze-mit-venkovni-svetelna-reklama\/","author":{"@type":"Person","@id":"https:\/\/www.klvn.cz\/author\/#Person","name":"","url":"https:\/\/www.klvn.cz\/author\/","identifier":1,"image":{"@type":"ImageObject","@id":"https:\/\/secure.gravatar.com\/avatar\/6eaf701939e92690bed32d6f2e2c0f9e1355f2e3837c1fb45fbfacf848239e2d?s=96&d=mm&r=g","url":"https:\/\/secure.gravatar.com\/avatar\/6eaf701939e92690bed32d6f2e2c0f9e1355f2e3837c1fb45fbfacf848239e2d?s=96&d=mm&r=g","height":96,"width":96}},"publisher":{"@type":"Organization","name":"klvn.cz","logo":{"@type":"ImageObject","@id":"\/logo.png","url":"\/logo.png","width":600,"height":60}},"image":{"@type":"ImageObject","@id":"https:\/\/www.klvn.cz\/wp-content\/uploads\/reklama1_2.jpg","url":"https:\/\/www.klvn.cz\/wp-content\/uploads\/reklama1_2.jpg","height":0,"width":0},"wordCount":621,"keywords":null},{"@type":"Article","@id":"https:\/\/www.klvn.cz\/bez-nastroju-to-nejde\/","headline":"Bez n\u00e1stroj\u016f to nejde","url":"https:\/\/www.klvn.cz\/bez-nastroju-to-nejde\/","datePublished":"2025-05-08","dateModified":"2025-05-08","mainEntityOfPage":"https:\/\/www.klvn.cz\/bez-nastroju-to-nejde\/","author":{"@type":"Person","@id":"https:\/\/www.klvn.cz\/author\/#Person","name":"","url":"https:\/\/www.klvn.cz\/author\/","identifier":1,"image":{"@type":"ImageObject","@id":"https:\/\/secure.gravatar.com\/avatar\/6eaf701939e92690bed32d6f2e2c0f9e1355f2e3837c1fb45fbfacf848239e2d?s=96&d=mm&r=g","url":"https:\/\/secure.gravatar.com\/avatar\/6eaf701939e92690bed32d6f2e2c0f9e1355f2e3837c1fb45fbfacf848239e2d?s=96&d=mm&r=g","height":96,"width":96}},"publisher":{"@type":"Organization","name":"klvn.cz","logo":{"@type":"ImageObject","@id":"\/logo.png","url":"\/logo.png","width":600,"height":60}},"image":{"@type":"ImageObject","@id":"https:\/\/www.klvn.cz\/wp-content\/uploads\/kkkkkkkkkkk_5.jpg","url":"https:\/\/www.klvn.cz\/wp-content\/uploads\/kkkkkkkkkkk_5.jpg","height":0,"width":0},"wordCount":644,"keywords":null},{"@type":"Article","@id":"https:\/\/www.klvn.cz\/bungalov-pro-idealni-bydleni\/","headline":"Bungalov pro ide\u00e1ln\u00ed bydlen\u00ed","url":"https:\/\/www.klvn.cz\/bungalov-pro-idealni-bydleni\/","datePublished":"2025-05-08","dateModified":"2025-05-08","mainEntityOfPage":"https:\/\/www.klvn.cz\/bungalov-pro-idealni-bydleni\/","author":{"@type":"Person","@id":"https:\/\/www.klvn.cz\/author\/#Person","name":"","url":"https:\/\/www.klvn.cz\/author\/","identifier":1,"image":{"@type":"ImageObject","@id":"https:\/\/secure.gravatar.com\/avatar\/6eaf701939e92690bed32d6f2e2c0f9e1355f2e3837c1fb45fbfacf848239e2d?s=96&d=mm&r=g","url":"https:\/\/secure.gravatar.com\/avatar\/6eaf701939e92690bed32d6f2e2c0f9e1355f2e3837c1fb45fbfacf848239e2d?s=96&d=mm&r=g","height":96,"width":96}},"publisher":{"@type":"Organization","name":"klvn.cz","logo":{"@type":"ImageObject","@id":"\/logo.png","url":"\/logo.png","width":600,"height":60}},"image":{"@type":"ImageObject","@id":"https:\/\/www.klvn.cz\/wp-content\/uploads\/meadow-2667461_640.jpg","url":"https:\/\/www.klvn.cz\/wp-content\/uploads\/meadow-2667461_640.jpg","height":0,"width":0},"wordCount":613,"keywords":null},{"@type":"Article","@id":"https:\/\/www.klvn.cz\/a-retro-vecer-na-koberci-muze-zacit\/","headline":"A retro ve\u010der na koberci m\u016f\u017ee za\u010d\u00edt","url":"https:\/\/www.klvn.cz\/a-retro-vecer-na-koberci-muze-zacit\/","datePublished":"2025-05-08","dateModified":"2025-05-08","mainEntityOfPage":"https:\/\/www.klvn.cz\/a-retro-vecer-na-koberci-muze-zacit\/","author":{"@type":"Person","@id":"https:\/\/www.klvn.cz\/author\/#Person","name":"","url":"https:\/\/www.klvn.cz\/author\/","identifier":1,"image":{"@type":"ImageObject","@id":"https:\/\/secure.gravatar.com\/avatar\/6eaf701939e92690bed32d6f2e2c0f9e1355f2e3837c1fb45fbfacf848239e2d?s=96&d=mm&r=g","url":"https:\/\/secure.gravatar.com\/avatar\/6eaf701939e92690bed32d6f2e2c0f9e1355f2e3837c1fb45fbfacf848239e2d?s=96&d=mm&r=g","height":96,"width":96}},"publisher":{"@type":"Organization","name":"klvn.cz","logo":{"@type":"ImageObject","@id":"\/logo.png","url":"\/logo.png","width":600,"height":60}},"image":{"@type":"ImageObject","@id":"https:\/\/www.klvn.cz\/wp-content\/uploads\/goat-hair-612872_640_10_7.jpg","url":"https:\/\/www.klvn.cz\/wp-content\/uploads\/goat-hair-612872_640_10_7.jpg","height":0,"width":0},"wordCount":622,"keywords":null},{"@type":"Article","@id":"https:\/\/www.klvn.cz\/kratom-pro-vsechny\/","headline":"Kratom pro v\u0161echny","url":"https:\/\/www.klvn.cz\/kratom-pro-vsechny\/","datePublished":"2025-05-07","dateModified":"2025-05-07","mainEntityOfPage":"https:\/\/www.klvn.cz\/kratom-pro-vsechny\/","author":{"@type":"Person","@id":"https:\/\/www.klvn.cz\/author\/#Person","name":"","url":"https:\/\/www.klvn.cz\/author\/","identifier":1,"image":{"@type":"ImageObject","@id":"https:\/\/secure.gravatar.com\/avatar\/6eaf701939e92690bed32d6f2e2c0f9e1355f2e3837c1fb45fbfacf848239e2d?s=96&d=mm&r=g","url":"https:\/\/secure.gravatar.com\/avatar\/6eaf701939e92690bed32d6f2e2c0f9e1355f2e3837c1fb45fbfacf848239e2d?s=96&d=mm&r=g","height":96,"width":96}},"publisher":{"@type":"Organization","name":"klvn.cz","logo":{"@type":"ImageObject","@id":"\/logo.png","url":"\/logo.png","width":600,"height":60}},"image":{"@type":"ImageObject","@id":"https:\/\/www.klvn.cz\/wp-content\/uploads\/tobacco-16773_640.jpg","url":"https:\/\/www.klvn.cz\/wp-content\/uploads\/tobacco-16773_640.jpg","height":0,"width":0},"wordCount":608,"keywords":null}]},{"@context":"https:\/\/schema.org","@type":"WebSite","@id":"https:\/\/www.klvn.cz\/#website","name":"Klvn","url":"https:\/\/www.klvn.cz","potentialAction":{"@type":"SearchAction","target":"https:\/\/www.klvn.cz\/?s={search_term_string}","query-input":"required name=search_term_string"}}]