[{"@context":"https:\/\/schema.org\/","@type":"Article","@id":"https:\/\/www.klvn.cz\/nadherne-bydleni-jiz-nemusi-byt-jen-sen\/#Article","mainEntityOfPage":"https:\/\/www.klvn.cz\/nadherne-bydleni-jiz-nemusi-byt-jen-sen\/","headline":"N\u00e1dhern\u00e9 bydlen\u00ed ji\u017e nemus\u00ed b\u00fdt jen sen","name":"N\u00e1dhern\u00e9 bydlen\u00ed ji\u017e nemus\u00ed b\u00fdt jen sen","description":"N\u00e1dhern\u00e9 bydlen\u00ed nen\u00ed v\u017edy jen luxusn\u00ed Po dostav\u011bn\u00ed hrub\u00e9 \u010d\u00e1sti domu p\u0159ijdou na \u0159adu rozvody, podlahy, a u\u017e m\u016f\u017eete p\u0159em\u00fd\u0161let nad n\u00e1vrhy interi\u00e9r\u016f va\u0161eho hn\u00edzde\u010dka. M\u016f\u017eete si v\u0161e navrhnout sami,&hellip; <span class=\"read-more-span\"><a href=\"https:\/\/www.klvn.cz\/nadherne-bydleni-jiz-nemusi-byt-jen-sen\/\" class=\"more-link\">Pokra\u010dovat ve \u010dten\u00ed<span class=\"screen-reader-text\"> \"N\u00e1dhern\u00e9 bydlen\u00ed ji\u017e nemus\u00ed b\u00fdt jen sen\"<\/span> <span class=\"genericon genericon-next\"><\/span><\/a><\/span>","datePublished":"2025-02-11","dateModified":"2025-02-11","author":{"@type":"Person","@id":"https:\/\/www.klvn.cz\/author\/#Person","name":"","url":"https:\/\/www.klvn.cz\/author\/","identifier":1,"image":{"@type":"ImageObject","@id":"https:\/\/secure.gravatar.com\/avatar\/6eaf701939e92690bed32d6f2e2c0f9e1355f2e3837c1fb45fbfacf848239e2d?s=96&d=mm&r=g","url":"https:\/\/secure.gravatar.com\/avatar\/6eaf701939e92690bed32d6f2e2c0f9e1355f2e3837c1fb45fbfacf848239e2d?s=96&d=mm&r=g","height":96,"width":96}},"publisher":{"@type":"Organization","name":"klvn.cz","logo":{"@type":"ImageObject","@id":"\/logo.png","url":"\/logo.png","width":600,"height":60}},"url":"https:\/\/www.klvn.cz\/nadherne-bydleni-jiz-nemusi-byt-jen-sen\/","wordCount":205,"articleBody":"N\u00e1dhern\u00e9 bydlen\u00ed nen\u00ed v\u017edy jen luxusn\u00edPo dostav\u011bn\u00ed hrub\u00e9 \u010d\u00e1sti domu p\u0159ijdou na \u0159adu rozvody, podlahy, a u\u017e m\u016f\u017eete p\u0159em\u00fd\u0161let nad n\u00e1vrhy interi\u00e9r\u016f va\u0161eho hn\u00edzde\u010dka. M\u016f\u017eete si v\u0161e navrhnout sami, ale taky na to m\u016f\u017eete najmout odborn\u00edka. Co ud\u011bl\u00e1te?Dobr\u00fd n\u00e1pad u\u010din\u00ed z Va\u0161eho domova kouzeln\u00e9 m\u00edstoKdy\u017e sami, tak sami. Je to ale p\u011bkn\u00e1 fu\u0161ka. Mozek se v\u00e1m m\u00e1lem zava\u0159\u00ed, jak to ud\u011blat v cel\u00e9m dom\u011b od podlah a\u017e po stropy s osv\u011btlen\u00edm. Mysl\u00edte tak\u00e9 na \u00fa\u010delovost, \u00fasporu, estetickou str\u00e1nku v\u011bci? N\u00e1vrhy interi\u00e9r\u016f v\u00e1m daj\u00ed zabrat.\u017de jsem se do toho pou\u0161t\u011bl!Ti, kte\u0159\u00ed jdou do v\u0161eho po hlav\u011b, patrn\u011b naraz\u00ed. Je to opravdu fu\u0161ka, vymyslet kde, co, jak, pro\u010d a za\u010d. Je fu\u0161ka to i ud\u011blat, nebo na to n\u011bkoho sehnat. To soused\u00e9 maj\u00ed na v\u0161echno profesion\u00e1ly, co jim to jde od ruky. Nejd\u0159\u00edv n\u00e1vrhy interi\u00e9r\u016f, potom firmy, kter\u00e9 v\u0161e zrealizovaly, \u0161lo jim to jak na dr\u00e1tk\u00e1ch. A co vy?                                                                                                                                                                                                                                                                                                                                                                                        5\/5 - (3 votes)        "},{"@context":"https:\/\/schema.org\/","@type":"BreadcrumbList","itemListElement":[{"@type":"ListItem","position":1,"name":"N\u00e1dhern\u00e9 bydlen\u00ed ji\u017e nemus\u00ed b\u00fdt jen sen","item":"https:\/\/www.klvn.cz\/nadherne-bydleni-jiz-nemusi-byt-jen-sen\/#breadcrumbitem"}]}]