[{"@context":"https:\/\/schema.org\/","@type":"Article","@id":"https:\/\/www.klvn.cz\/moderni-sestavy-i-samostatny-nabytek\/#Article","mainEntityOfPage":"https:\/\/www.klvn.cz\/moderni-sestavy-i-samostatny-nabytek\/","headline":"Modern\u00ed sestavy i samostatn\u00fd n\u00e1bytek","name":"Modern\u00ed sestavy i samostatn\u00fd n\u00e1bytek","description":"Vybaven\u00ed ka\u017ed\u00e9 lo\u017enice se pohybuje v ur\u010dit\u00e9m uzav\u0159en\u00e9m sch\u00e9matu. Ka\u017ed\u00e9mu, kdo si svoje m\u00edsto pro odpo\u010dinek a span\u00ed za\u0159izuje nebo aktu\u00e1ln\u011b modernizuje, je z\u0159ejm\u00e9, co by takov\u00fd interi\u00e9r m\u011blo tvo\u0159it.&hellip; <span class=\"read-more-span\"><a href=\"https:\/\/www.klvn.cz\/moderni-sestavy-i-samostatny-nabytek\/\" class=\"more-link\">Pokra\u010dovat ve \u010dten\u00ed<span class=\"screen-reader-text\"> \"Modern\u00ed sestavy i samostatn\u00fd n\u00e1bytek\"<\/span> <span class=\"genericon genericon-next\"><\/span><\/a><\/span>","datePublished":"2025-02-07","dateModified":"2025-02-07","author":{"@type":"Person","@id":"https:\/\/www.klvn.cz\/author\/#Person","name":"","url":"https:\/\/www.klvn.cz\/author\/","identifier":1,"image":{"@type":"ImageObject","@id":"https:\/\/secure.gravatar.com\/avatar\/6eaf701939e92690bed32d6f2e2c0f9e1355f2e3837c1fb45fbfacf848239e2d?s=96&d=mm&r=g","url":"https:\/\/secure.gravatar.com\/avatar\/6eaf701939e92690bed32d6f2e2c0f9e1355f2e3837c1fb45fbfacf848239e2d?s=96&d=mm&r=g","height":96,"width":96}},"publisher":{"@type":"Organization","name":"klvn.cz","logo":{"@type":"ImageObject","@id":"\/logo.png","url":"\/logo.png","width":600,"height":60}},"url":"https:\/\/www.klvn.cz\/moderni-sestavy-i-samostatny-nabytek\/","wordCount":214,"articleBody":"Vybaven\u00ed ka\u017ed\u00e9 lo\u017enice se pohybuje v ur\u010dit\u00e9m uzav\u0159en\u00e9m sch\u00e9matu. Ka\u017ed\u00e9mu, kdo si svoje m\u00edsto pro odpo\u010dinek a span\u00ed za\u0159izuje nebo aktu\u00e1ln\u011b modernizuje, je z\u0159ejm\u00e9, co by takov\u00fd interi\u00e9r m\u011blo tvo\u0159it. To, jak\u00fd n\u00e1bytek si vyberete, je d\u00e1no samoz\u0159ejm\u011b t\u00edm, k jak\u00e9mu \u00fa\u010delu je interi\u00e9r ur\u010den\u00fd. Te\u010f sp\u00ed\u0161 z\u00e1le\u017e\u00ed na tom, jak\u00fd styl preferujete, jak\u00fd design v\u00e1s oslov\u00ed \u010di jak\u00e9 barevn\u00e9 lad\u011bn\u00ed zvol\u00edte. Vyb\u00edrat m\u016f\u017eete u\u017e z navr\u017een\u00fdch kompletn\u00edch sestav anebo j\u00edt cestou realizace vlastn\u00edch n\u00e1vrh\u016f. Kvalita nemus\u00ed b\u00fdt drah\u00e1 N\u00e1bytek do lo\u017enice by m\u011bl b\u00fdt v takov\u00e9m proveden\u00ed, kter\u00e9 vyhovuje va\u0161emu naturelu a p\u0159isp\u011bje tak k vytvo\u0159en\u00ed pohodov\u00e9 atmosf\u00e9ry. Klid a samoz\u0159ejm\u011b i pohodl\u00ed. Takov\u00fd interi\u00e9r je p\u0159\u00edmo stvo\u0159en\u00fd pro p\u0159\u00edjemn\u00fd odpo\u010dinek a neru\u0161en\u00fd sp\u00e1nek. P\u0159i v\u00fdb\u011bru n\u00e1bytku a dopl\u0148k\u016f je v\u0161ak dobr\u00e9 nezapomenout ani na kvalitu. Takov\u00e1 investice se v\u017edycky vyplat\u00ed. A pokud budete vyb\u00edrat dob\u0159e, tak po\u0159\u00edd\u00edte kvalitn\u00ed vybaven\u00ed za velmi p\u0159ijateln\u00e9 ceny.                                                                                                                                                                                                                                                                                                                                                                                        3\/5 - (1 vote)        "},{"@context":"https:\/\/schema.org\/","@type":"BreadcrumbList","itemListElement":[{"@type":"ListItem","position":1,"name":"Modern\u00ed sestavy i samostatn\u00fd n\u00e1bytek","item":"https:\/\/www.klvn.cz\/moderni-sestavy-i-samostatny-nabytek\/#breadcrumbitem"}]}]