[{"@context":"https:\/\/schema.org\/","@type":"Article","@id":"https:\/\/www.klvn.cz\/levna-dovolena-pro-vas\/#Article","mainEntityOfPage":"https:\/\/www.klvn.cz\/levna-dovolena-pro-vas\/","headline":"Levn\u00e1 dovolen\u00e1 pro V\u00e1s","name":"Levn\u00e1 dovolen\u00e1 pro V\u00e1s","description":"Hled\u00e1te ubytov\u00e1n\u00ed u mo\u0159e za p\u0159ijatelnou cenu? Nav\u0161tivte na\u0161e webov\u00e9 str\u00e1nky. Nab\u00edz\u00edme skv\u011bl\u00e9 a z\u00e1rove\u0148 levn\u00e9 v Chorvatsku. Pokud si chcete odpo\u010dnout a na\u010derpat nov\u00e9 s\u00edly je Chorvatsko dovolen\u00e1 t\u00edm&hellip; <span class=\"read-more-span\"><a href=\"https:\/\/www.klvn.cz\/levna-dovolena-pro-vas\/\" class=\"more-link\">Pokra\u010dovat ve \u010dten\u00ed<span class=\"screen-reader-text\"> \"Levn\u00e1 dovolen\u00e1 pro V\u00e1s\"<\/span> <span class=\"genericon genericon-next\"><\/span><\/a><\/span>","datePublished":"2025-04-21","dateModified":"2025-04-21","author":{"@type":"Person","@id":"https:\/\/www.klvn.cz\/author\/#Person","name":"","url":"https:\/\/www.klvn.cz\/author\/","identifier":1,"image":{"@type":"ImageObject","@id":"https:\/\/secure.gravatar.com\/avatar\/6eaf701939e92690bed32d6f2e2c0f9e1355f2e3837c1fb45fbfacf848239e2d?s=96&d=mm&r=g","url":"https:\/\/secure.gravatar.com\/avatar\/6eaf701939e92690bed32d6f2e2c0f9e1355f2e3837c1fb45fbfacf848239e2d?s=96&d=mm&r=g","height":96,"width":96}},"publisher":{"@type":"Organization","name":"klvn.cz","logo":{"@type":"ImageObject","@id":"\/logo.png","url":"\/logo.png","width":600,"height":60}},"url":"https:\/\/www.klvn.cz\/levna-dovolena-pro-vas\/","wordCount":177,"articleBody":"Hled\u00e1te ubytov\u00e1n\u00ed u mo\u0159e za p\u0159ijatelnou cenu? Nav\u0161tivte na\u0161e webov\u00e9 str\u00e1nky. Nab\u00edz\u00edme skv\u011bl\u00e9 a z\u00e1rove\u0148 levn\u00e9 v Chorvatsku. Pokud si chcete odpo\u010dnout a na\u010derpat nov\u00e9 s\u00edly je Chorvatsko dovolen\u00e1 t\u00edm prav\u00fdm pro V\u00e1s. Pro\u010d jsou na\u0161e ceny tak v\u00fdhodn\u00e9? Jednodu\u0161e proto, \u017ee p\u0159es n\u00e1s jedn\u00e1te p\u0159\u00edmo s majiteli apartm\u00e1n\u016f, \u010d\u00edm\u017e V\u00e1\u0161 rozpo\u010det u\u0161et\u0159\u00edte d\u00edky absenci provize cestovn\u00edch kancel\u00e1\u0159\u00ed. S n\u00e1mi za slun\u00ed\u010dkem Pobyty u mo\u0159e jsou st\u00e1le v\u00edce popul\u00e1rn\u00ed, proto nechyb\u00ed ani v na\u0161\u00ed nab\u00eddce. Apartm\u00e1ny, kter\u00e9 nab\u00edz\u00edme, jsou rozesety po cel\u00e9 d\u00e9lce chorvatsk\u00e9ho pob\u0159e\u017e\u00ed. Pokud m\u00e1te jasnou p\u0159edstavu o oblasti, kterou chcete nav\u0161t\u00edvit, m\u00e1me na webu k dispozici mapku s p\u0159\u00edmo\u0159sk\u00fdmi regiony. Po rozkliknuti se V\u00e1m zobraz\u00ed jednotliv\u00e1 m\u011bsta a v nich nab\u00eddka apartm\u00e1n\u016f. A cestov\u00e1n\u00ed m\u016f\u017ee za\u010d\u00edt!                                                                                                                                                                                                                                                                                                                                                                                                "},{"@context":"https:\/\/schema.org\/","@type":"BreadcrumbList","itemListElement":[{"@type":"ListItem","position":1,"name":"Levn\u00e1 dovolen\u00e1 pro V\u00e1s","item":"https:\/\/www.klvn.cz\/levna-dovolena-pro-vas\/#breadcrumbitem"}]}]