[{"@context":"https:\/\/schema.org\/","@type":"Article","@id":"https:\/\/www.klvn.cz\/kdy-je-potreba-nechat-si-vyrobit-okna-na-miru\/#Article","mainEntityOfPage":"https:\/\/www.klvn.cz\/kdy-je-potreba-nechat-si-vyrobit-okna-na-miru\/","headline":"Kdy je pot\u0159eba nechat si vyrobit okna na m\u00edru","name":"Kdy je pot\u0159eba nechat si vyrobit okna na m\u00edru","description":"Okna p\u0159in\u00e1\u0161\u00ed do na\u0161eho domova \u010di kancel\u00e1\u0159e v zam\u011bstn\u00e1n\u00ed slune\u010dn\u00ed sv\u011btlo. To je pro n\u00e1s d\u016fle\u017eit\u011bj\u0161\u00ed, ne\u017e bychom si mohli myslet. Jist\u011b, dnes ji\u017e m\u00e1me um\u011bl\u00e9 osv\u011btlen\u00ed, a\u0165 u\u017e v&hellip; <span class=\"read-more-span\"><a href=\"https:\/\/www.klvn.cz\/kdy-je-potreba-nechat-si-vyrobit-okna-na-miru\/\" class=\"more-link\">Pokra\u010dovat ve \u010dten\u00ed<span class=\"screen-reader-text\"> \"Kdy je pot\u0159eba nechat si vyrobit okna na m\u00edru\"<\/span> <span class=\"genericon genericon-next\"><\/span><\/a><\/span>","datePublished":"2025-05-01","dateModified":"2025-05-01","author":{"@type":"Person","@id":"https:\/\/www.klvn.cz\/author\/#Person","name":"","url":"https:\/\/www.klvn.cz\/author\/","identifier":1,"image":{"@type":"ImageObject","@id":"https:\/\/secure.gravatar.com\/avatar\/6eaf701939e92690bed32d6f2e2c0f9e1355f2e3837c1fb45fbfacf848239e2d?s=96&d=mm&r=g","url":"https:\/\/secure.gravatar.com\/avatar\/6eaf701939e92690bed32d6f2e2c0f9e1355f2e3837c1fb45fbfacf848239e2d?s=96&d=mm&r=g","height":96,"width":96}},"publisher":{"@type":"Organization","name":"klvn.cz","logo":{"@type":"ImageObject","@id":"\/logo.png","url":"\/logo.png","width":600,"height":60}},"image":{"@type":"ImageObject","@id":"https:\/\/www.klvn.cz\/wp-content\/uploads\/okno1_1.jpg","url":"https:\/\/www.klvn.cz\/wp-content\/uploads\/okno1_1.jpg","height":0,"width":0},"url":"https:\/\/www.klvn.cz\/kdy-je-potreba-nechat-si-vyrobit-okna-na-miru\/","about":["N\u00e1kupy"],"wordCount":416,"articleBody":"        Okna p\u0159in\u00e1\u0161\u00ed do na\u0161eho domova \u010di kancel\u00e1\u0159e v zam\u011bstn\u00e1n\u00ed slune\u010dn\u00ed sv\u011btlo. To je pro n\u00e1s d\u016fle\u017eit\u011bj\u0161\u00ed, ne\u017e bychom si mohli myslet. Jist\u011b, dnes ji\u017e m\u00e1me um\u011bl\u00e9 osv\u011btlen\u00ed, a\u0165 u\u017e v podob\u011b z\u00e1\u0159ivek \u010di \u017e\u00e1rovek, mnoh\u00e9 dokonce s pln\u00fdm sv\u011bteln\u00fdm spektrem, tedy stejn\u00fdm, jako m\u00e1 Slunce, ov\u0161em ukazuje se, \u017ee pln\u011b nahradit jej nemohou. Pro n\u00e1s je toti\u017e d\u016fle\u017eit\u00e9 nejen to, \u017ee sv\u00edt\u00ed, ale tak\u00e9 m\u011bn\u00edc\u00ed se intenzita a lokace b\u011bhem dne, a to um\u011bl\u00e9 osv\u011btlen\u00ed jen t\u011b\u017eko nahrad\u00ed. Ov\u0161em okna mohou m\u00edt r\u016fzn\u00fd tvar i velikost. Jist\u011b, v naprost\u00e9 v\u011bt\u0161in\u011b modern\u00edch dom\u016f, a\u0165 u\u017e rodinn\u00fdch \u010di panel\u00e1k\u016f, jsou standardn\u00ed, kdy maj\u00ed stejn\u00e9 rozm\u011bry. Je to proto, \u017ee s\u00e9riov\u00e1 v\u00fdroba je podstatn\u011b levn\u011bj\u0161\u00ed, a lid\u00e9 samoz\u0159ejm\u011b cht\u011bj\u00ed pokud mo\u017eno u\u0161et\u0159it pen\u00edze. Nav\u00edc je mnohem snaz\u0161\u00ed pro takov\u00e9 standardizovan\u00e9 prvky p\u0159i navrhov\u00e1n\u00ed domu pl\u00e1novat.Zvl\u00e1\u0161t\u011b u star\u0161\u00edch dom\u016f to v\u0161ak nemus\u00ed b\u00fdt a\u017e tak pravda. D\u0159\u00edve toti\u017e s\u00e9riov\u00e1 v\u00fdroba v podstat\u011b neexistovala, a podle toho okna tak\u00e9 vypadala. Asi v\u0161ichni zn\u00e1me ark\u00fd\u0159ov\u00e1 \u010di vysok\u00e1 \u00fazk\u00e1 okna na star\u00fdch budov\u00e1ch, p\u0159\u00edpadn\u011b jin\u00e9 neobvykl\u00e9 tvary. I tato okna je v\u0161ak ob\u010das vym\u011bnit, pokud chceme zachovat jejich funkci, hlavn\u011b pak t\u011bsn\u00edc\u00ed. Jak to ale ud\u011blat?Jednou z mo\u017enost\u00ed jsou zde okna na m\u00edru Domo okna. Ta jsou vyrobena p\u0159esn\u011b podle parametr\u016f z\u00e1kazn\u00edka, a m\u016f\u017eeme je tedy nasadit i do dom\u016f, kter\u00e9 maj\u00ed takov\u00e1to atypick\u00e1 okna. T\u00edm se vy\u0159e\u0161\u00ed probl\u00e9m, kdy\u017e je pot\u0159ebujeme vym\u011bnit. Ov\u0161em nelze zast\u00edrat, \u017ee sebou p\u0159in\u00e1\u0161\u00ed i ur\u010dit\u00e9 probl\u00e9my. V prvn\u00ed \u0159ad\u011b je tu fakt, \u017ee cena bude podstatn\u011b vy\u0161\u0161\u00ed, ne\u017e u standardn\u00edch oken. M\u016f\u017eeme se tedy pt\u00e1t, zda nebude finan\u010dn\u011b v\u00fdhodn\u011bj\u0161\u00ed okna p\u0159estavit na standardn\u00ed velikost. Tak\u00e9 na n\u011bj budeme \u010dekat del\u0161\u00ed dobu. Bude nutn\u00e9 jej vyrobit od z\u00e1kladu, tak\u017ee nem\u016f\u017eeme \u010dekat, \u017ee p\u0159ijedeme do obchodu a rovnou si je odvezeme. Pokud s t\u00edmto v\u0161\u00edm budeme sm\u00ed\u0159eni, pak n\u00e1m nic nebr\u00e1n\u00ed v tom, abychom si jej u sklen\u00e1\u0159e objednali.                                                                                                                                                                                                                                                                                                                                                                                          4.2\/5 - (8 votes)        "},{"@context":"https:\/\/schema.org\/","@type":"BreadcrumbList","itemListElement":[{"@type":"ListItem","position":1,"name":"Kdy je pot\u0159eba nechat si vyrobit okna na m\u00edru","item":"https:\/\/www.klvn.cz\/kdy-je-potreba-nechat-si-vyrobit-okna-na-miru\/#breadcrumbitem"}]}]