[{"@context":"https:\/\/schema.org\/","@type":"Article","@id":"https:\/\/www.klvn.cz\/doplnky-delaji-cloveka\/#Article","mainEntityOfPage":"https:\/\/www.klvn.cz\/doplnky-delaji-cloveka\/","headline":"Dopl\u0148ky d\u011blaj\u00ed \u010dlov\u011bka","name":"Dopl\u0148ky d\u011blaj\u00ed \u010dlov\u011bka","description":"Jsme zkr\u00e1tka par\u00e1div\u00ed tvorov\u00e9. N\u011bkdo v\u00edce, n\u011bkdo m\u00e9n\u011b, ale ur\u010dit\u011b do jednoho jsme, alespo\u0148 tedy my ze spole\u010dnosti naz\u00fdvan\u00e9 slu\u0161n\u00e1. Nev\u011b\u0159\u00edm, \u017ee by se na\u0161el n\u011bkdo norm\u00e1ln\u00ed, kdo by okol\u00ed&hellip; <span class=\"read-more-span\"><a href=\"https:\/\/www.klvn.cz\/doplnky-delaji-cloveka\/\" class=\"more-link\">Pokra\u010dovat ve \u010dten\u00ed<span class=\"screen-reader-text\"> \"Dopl\u0148ky d\u011blaj\u00ed \u010dlov\u011bka\"<\/span> <span class=\"genericon genericon-next\"><\/span><\/a><\/span>","datePublished":"2018-11-16","dateModified":"2018-11-16","author":{"@type":"Person","@id":"https:\/\/www.klvn.cz\/author\/#Person","name":"","url":"https:\/\/www.klvn.cz\/author\/","identifier":1,"image":{"@type":"ImageObject","@id":"https:\/\/secure.gravatar.com\/avatar\/6eaf701939e92690bed32d6f2e2c0f9e1355f2e3837c1fb45fbfacf848239e2d?s=96&d=mm&r=g","url":"https:\/\/secure.gravatar.com\/avatar\/6eaf701939e92690bed32d6f2e2c0f9e1355f2e3837c1fb45fbfacf848239e2d?s=96&d=mm&r=g","height":96,"width":96}},"publisher":{"@type":"Organization","name":"klvn.cz","logo":{"@type":"ImageObject","@id":"\/logo.png","url":"\/logo.png","width":600,"height":60}},"image":{"@type":"ImageObject","@id":"https:\/\/www.klvn.cz\/wp-content\/uploads\/img_a331152_w2255_t1543509655.jpg","url":"https:\/\/www.klvn.cz\/wp-content\/uploads\/img_a331152_w2255_t1543509655.jpg","height":0,"width":0},"url":"https:\/\/www.klvn.cz\/doplnky-delaji-cloveka\/","wordCount":505,"articleBody":"Jsme zkr\u00e1tka par\u00e1div\u00ed tvorov\u00e9. N\u011bkdo v\u00edce, n\u011bkdo m\u00e9n\u011b, ale ur\u010dit\u011b do jednoho jsme, alespo\u0148 tedy my ze spole\u010dnosti naz\u00fdvan\u00e9 slu\u0161n\u00e1. Nev\u011b\u0159\u00edm, \u017ee by se na\u0161el n\u011bkdo norm\u00e1ln\u00ed, kdo by okol\u00ed zcela up\u0159\u00edmn\u011b zv\u011bstoval, \u017ee jemu se l\u00edb\u00ed nel\u00edbit se. Chceme b\u00fdt elegantn\u00ed, a ur\u010dit\u011b to nen\u00ed nic nov\u00e9ho v na\u0161em rodu. Ur\u010dit\u011b je to u\u017e v\u011bru hodn\u011b d\u00e1vno, kdy spat\u0159il sv\u011btlo sv\u011bta pojem m\u00f3da, tento jist\u011b existuje u\u017e od nepam\u011bti, jakkoliv se mu za d\u00e1vn\u00fdch \u010das\u016f ur\u010dit\u011b \u0159\u00edkalo jinak a je\u0161t\u011b d\u0159\u00edve nejsp\u00ed\u0161e i nijak. V\u017edy\u0165 jenom si zajd\u011bte n\u011bkam do obraz\u00e1rny nebo muzea, p\u0159\u00edpadn\u011b na n\u011bjakou historickou pam\u011btihodnost. Ur\u010dit\u011b tam uvid\u00edte alespo\u0148 n\u011bjak\u00e9 ty uk\u00e1zky m\u00f3dy sv\u00e9 doby. A p\u0159edstavuji si, \u017ee i hodn\u011b d\u00e1vno p\u0159edt\u00edm si pralid\u00e9 po\u010d\u00ednali podobn\u011b, \u017ee si navz\u00e1jem hodnotili, kdo na sob\u011b nos\u00ed nejl\u00e9pe pazourkem opracovanou k\u016f\u017ei z nejatraktivn\u011bj\u0161\u00edho zv\u00ed\u0159ete, a nemohu vylou\u010dit, \u017ee i Eva vyzkou\u0161ela v r\u00e1ji p\u011bkn\u00fdch f\u00edkov\u00fdch p\u00e1r list\u016f, jen aby zjistila, ve kter\u00e9m se bude Adamovi l\u00edbit nejv\u00edce. Ale to u\u017e jsem odbo\u010dil moc. A proto rychle zp\u00e1tky do na\u0161ich \u010das\u016f a kon\u010din. Pr\u00e1v\u011b sem, kde se nyn\u00ed se mnou nach\u00e1z\u00edte. A kde si vlastn\u011b po\u010d\u00edn\u00e1me velice podobn\u011b. Pouze s t\u00edm rozd\u00edlem, \u017ee je n\u00e1\u0161 trh z\u00e1soben daleko l\u00e9pe ne\u017e za d\u00e1vn\u00fdch v\u011bk\u016f a \u017ee je tu toho tolik, \u017ee je nezbytn\u00e9 to prav\u00e9 naj\u00edt. Proto\u017ee v\u0161echny \u0161aty a dopl\u0148ky k nim \u010dlov\u011bk neunos\u00ed, ani kdyby str\u00e1vil cel\u00fd sv\u016fj \u017eivot jenom a pouze p\u0159evl\u00e9k\u00e1n\u00edm. Ov\u0161em naj\u00edt v on\u00e9 z\u00e1plav\u011b to prav\u00e9, to je u\u017e p\u0159ece jenom kum\u0161t. Tedy po\u0159\u00e1dn\u00fd kus um\u011bn\u00ed. Proto\u017ee v\u00edte vy v\u016fbec, kolik se na sv\u011bt\u011b nab\u00edz\u00ed ke koupi kvalitn\u00edch a kr\u00e1sn\u00fdch zna\u010dkov\u00fdch kabelek? A pokud se mezi nimi m\u00e1te probojovat k t\u00e9, ji\u017e pova\u017eujete pr\u00e1v\u011b za tu pravou, to d\u00e1 dost mo\u017en\u00e1 po\u0159\u00e1dn\u011b zabrat, to chce \u010das, vytrvalost a optimismus, \u017ee se to nakonec poda\u0159\u00ed. A ono se to nakonec ur\u010dit\u011b poda\u0159\u00ed, neztr\u00e1cejte v\u00edru. D\u0159\u00edve \u010di pozd\u011bji se toti\u017e proklik\u00e1te a\u017e t\u0159eba na  a m\u00e1te vyhr\u00e1no. Proto\u017ee tady je snadn\u00e9 si vybrat dopln\u011bk, bez kter\u00e9ho \u017eena snad ani nem\u016f\u017ee existovat na tomto sv\u011bt\u011b. T\u011bch velikost\u00ed, tvar\u016f, barev a odst\u00edn\u016f tu jenom je! Snad p\u0159\u00edmo tolik, kolik je na sv\u011bt\u011b p\u0159edstav o vkusu t\u011bch, jim\u017e je tento sortiment ur\u010den.                                                                                                                                                                                                                                                                                                                                                                                        3.9\/5 - (9 votes)        "},{"@context":"https:\/\/schema.org\/","@type":"BreadcrumbList","itemListElement":[{"@type":"ListItem","position":1,"name":"Dopl\u0148ky d\u011blaj\u00ed \u010dlov\u011bka","item":"https:\/\/www.klvn.cz\/doplnky-delaji-cloveka\/#breadcrumbitem"}]}]