[{"@context":"https:\/\/schema.org\/","@type":"Article","@id":"https:\/\/www.klvn.cz\/barva-patiny-barevne-sladena-s-vasim-domem\/#Article","mainEntityOfPage":"https:\/\/www.klvn.cz\/barva-patiny-barevne-sladena-s-vasim-domem\/","headline":"Barva patiny barevn\u011b slad\u011bna s va\u0161\u00edm domem","name":"Barva patiny barevn\u011b slad\u011bna s va\u0161\u00edm domem","description":"N\u00e1\u0161 eshop nab\u00edz\u00ed nejen po\u0161tovn\u00ed schr\u00e1nky, ale tak\u00e9 domovn\u00ed \u010d\u00edsla, kliky, zvonky, pam\u011btn\u00ed desky a tabule. Zkr\u00e1tka v\u0161e, na co si vzpomenete. Jen se pod\u00edvejte a p\u0159esv\u011bd\u010dte se sami. Uvid\u00edte,&hellip; <span class=\"read-more-span\"><a href=\"https:\/\/www.klvn.cz\/barva-patiny-barevne-sladena-s-vasim-domem\/\" class=\"more-link\">Pokra\u010dovat ve \u010dten\u00ed<span class=\"screen-reader-text\"> \"Barva patiny barevn\u011b slad\u011bna s va\u0161\u00edm domem\"<\/span> <span class=\"genericon genericon-next\"><\/span><\/a><\/span>","datePublished":"2025-03-31","dateModified":"2025-03-31","author":{"@type":"Person","@id":"https:\/\/www.klvn.cz\/author\/#Person","name":"","url":"https:\/\/www.klvn.cz\/author\/","identifier":1,"image":{"@type":"ImageObject","@id":"https:\/\/secure.gravatar.com\/avatar\/6eaf701939e92690bed32d6f2e2c0f9e1355f2e3837c1fb45fbfacf848239e2d?s=96&d=mm&r=g","url":"https:\/\/secure.gravatar.com\/avatar\/6eaf701939e92690bed32d6f2e2c0f9e1355f2e3837c1fb45fbfacf848239e2d?s=96&d=mm&r=g","height":96,"width":96}},"publisher":{"@type":"Organization","name":"klvn.cz","logo":{"@type":"ImageObject","@id":"\/logo.png","url":"\/logo.png","width":600,"height":60}},"url":"https:\/\/www.klvn.cz\/barva-patiny-barevne-sladena-s-vasim-domem\/","wordCount":173,"articleBody":"N\u00e1\u0161 eshop nab\u00edz\u00ed nejen po\u0161tovn\u00ed schr\u00e1nky, ale tak\u00e9 domovn\u00ed \u010d\u00edsla, kliky, zvonky, pam\u011btn\u00ed desky a tabule. Zkr\u00e1tka v\u0161e, na co si vzpomenete. Jen se pod\u00edvejte a p\u0159esv\u011bd\u010dte se sami. Uvid\u00edte, \u017ee je z \u010deho vyb\u00edrat.Zaujala V\u00e1s cena jedn\u00e9 n\u00e1dhern\u00e9 po\u0161tovn\u00ed schr\u00e1nky a zaj\u00edm\u00e1 V\u00e1s, co je v n\u00ed zahrnuto? Pak je to samotn\u00e1 po\u0161tovn\u00ed schr\u00e1nka, d\u00e1le baln\u00e9, v\u0161e, co pot\u0159ebujete na mont\u00e1\u017e a tak\u00e9 p\u0159\u00edprava na odesl\u00e1n\u00ed. K t\u00e9to cen\u011b je nutn\u00e9 d\u00e1le p\u0159ipo\u010d\u00edtat po\u0161tovn\u00e9.Jak objednatZaujali V\u00e1s na\u0161e po\u0161tovn\u00ed schr\u00e1nky a chcete si n\u011bjakou objednat? Je to jednoduch\u00e9. Vlo\u017e\u00edte ji do Ko\u0161\u00edku jako v ka\u017ed\u00e9m eshopu. D\u00e1le zad\u00e1te Va\u0161e nacion\u00e1le a kontaktn\u00ed adresu, zvol\u00edte zp\u016fsob dopravy a platby a u\u017e se m\u016f\u017eete t\u011b\u0161it, a\u017e V\u00e1m Va\u0161e objedn\u00e1vka p\u0159ijde dom\u016f.                                                                                                                                                                                                                                                                                                                                                                                                "},{"@context":"https:\/\/schema.org\/","@type":"BreadcrumbList","itemListElement":[{"@type":"ListItem","position":1,"name":"Barva patiny barevn\u011b slad\u011bna s va\u0161\u00edm domem","item":"https:\/\/www.klvn.cz\/barva-patiny-barevne-sladena-s-vasim-domem\/#breadcrumbitem"}]}]